[{"@context":"https:\/\/schema.org\/","@type":"Article","@id":"https:\/\/www.neonevent.sk\/kvalifikovany-pracovnik\/#Article","mainEntityOfPage":"https:\/\/www.neonevent.sk\/kvalifikovany-pracovnik\/","headline":"Kvalifikovan\u00fd pracovn\u00edk","name":"Kvalifikovan\u00fd pracovn\u00edk","description":"Na jednej strane Slovensko \u00fadajne disponuje okolo 300 000 nezamestnan\u00fdmi ob\u010danmi, na druhej strane podniky vravia, \u017ee nem\u00f4\u017eu n\u00e1js\u0165 zamestnanca.. ","datePublished":"2017-12-12","dateModified":"2023-04-25","author":{"@type":"Person","@id":"https:\/\/www.neonevent.sk\/author\/#Person","name":"neonevent.sk\n","url":"https:\/\/www.neonevent.sk\/author\/","identifier":1,"image":{"@type":"ImageObject","@id":"https:\/\/secure.gravatar.com\/avatar\/774cfd57496a9f02284489749b4229073861faca9d8a66df7d65507a77c5d31f?s=96&d=mm&r=g","url":"https:\/\/secure.gravatar.com\/avatar\/774cfd57496a9f02284489749b4229073861faca9d8a66df7d65507a77c5d31f?s=96&d=mm&r=g","height":96,"width":96}},"publisher":{"@type":"Organization","name":"neonevent.sk","logo":{"@type":"ImageObject","@id":"\/logo.png","url":"\/logo.png","width":600,"height":60}},"image":{"@type":"ImageObject","@id":"https:\/\/www.neonevent.sk\/wp-content\/uploads\/img_a284888_w2041_t1518429205.jpg","url":"https:\/\/www.neonevent.sk\/wp-content\/uploads\/img_a284888_w2041_t1518429205.jpg","height":0,"width":0},"url":"https:\/\/www.neonevent.sk\/kvalifikovany-pracovnik\/","about":["Ekonomika"],"wordCount":386,"articleBody":"Na jednej strane Slovensko \u00fadajne disponuje okolo 300 000 nezamestnan\u00fdmi ob\u010danmi, na druhej strane podniky vravia, \u017ee nem\u00f4\u017eu n\u00e1js\u0165 zamestnanca. Ur\u010dit\u00fd hovorca ur\u010dit\u00e9ho zn\u00e1meho podniku na Slovensku to zasa argumentoval t\u00fdm, ako nem\u00f4\u017eu n\u00e1js\u0165 kvalifikovan\u00e9ho \u010dloveka.Tento probl\u00e9m \u010dasto tkvie i v tom, \u017ee z\u00e1vody h\u013eadaj\u00fa \u010dloveka, ktor\u00fd m\u00e1 minim\u00e1lne 2 roky sk\u00fasenost\u00ed.\u00a0Len\u017ee na druhej strane ich nem\u00f4\u017eu n\u00e1js\u0165, preto\u017ee tak\u00edto u\u017e nie s\u00fa odk\u00e1zan\u00ed pr\u00e1ve na ten ich z\u00e1vod a jeho pracovn\u00e9 \u010di platov\u00e9 podmienky.\u00a0Na tak\u00e9to z\u00e1vody s\u00fa sk\u00f4r odk\u00e1zan\u00ed \u013eudia s krat\u0161\u00edmi sk\u00fasenos\u0165ami. A tu je cel\u00e1 t\u00e1 z\u00e1pletka. Preto si mysl\u00edm, \u017ee by bolo vhodn\u00e9, ak by si tieto z\u00e1vody na\u0161li \u010das a peniaze na zhotovenie svojho ako keby u\u010dili\u0161\u0165a. Musia si teda rozmyslie\u0165, \u010do vlastne chc\u00fa. Mysl\u00edm si, \u017ee v takomto u\u010ditli\u0161ti by vychovali viac mlad\u00fdch zamestnancov, no ale oni nie,&#8230; St\u00e1le pon\u00e1h\u013eaj\u00fa, nemaj\u00fa Cent ani sekundu nazmar, tak potom \u010do chc\u00fa?Nesk\u00fasen\u00e9ho \u010dloveka s mal\u00fdm n\u00e1rokom, av\u0161ak aby mal zru\u010dnosti ako majster v\u00fdroby?\u00a0Preto si mysl\u00edm, \u017ee aspo\u0148 ur\u010dit\u00fd z\u00e1ujem o zhotovenie nejak\u00e9ho u\u010dili\u0161\u0165a a tolerancia dlh\u0161ej z\u00e1u\u010dnej doby by nemusel by\u0165 tak\u00fdm nezmyse\u013en\u00fdm a zl\u00fdm n\u00e1padom pre obe strany. Ak maj\u00fa veci fungova\u0165, mus\u00ed by\u0165 ur\u010dit\u00fd kompromis. Inak sa v tomto probl\u00e9me s kvalifik\u00e1ciou t\u00e1 situ\u00e1cia nikdy nezmen\u00ed, bude to st\u00e1le to ist\u00e9.O dlh\u0161ie pracuj\u00faceho a kvalifikovan\u00e9ho Slov\u00e1ka je z\u00e1ujem v Anglicku, Nemecku, Franc\u00fazsku, Holandsku, Belgicku,&#8230; v\u0161ade, v\u0161ade by tak\u00fdto slovensk\u00fd kvalifikovan\u00fd pracovn\u00edk dostal vy\u0161\u0161\u00ed plat, vhodnej\u0161ie podmienky, odv\u00e1\u017eim sa poveda\u0165 \u017ee aj vy\u0161\u0161ie uznanie, pri\u010dom hranice m\u00e1 otvoren\u00e9, tak\u00fd \u010dlovek m\u00e1 na v\u00fdber, pre\u010do by teda \u010dakal na milos\u0165 nejak\u00e9ho z\u00e1vodu na Slovensku, kde by mu bolo najhor\u0161ie a z t\u00fdchto mo\u017enost\u00ed by rovnako tak vyfasol najni\u017e\u0161\u00ed plat?Potom to d\u00e1va logiku, \u017ee ro\u010dne je na Slovensku \u010doraz menej kvalifikovan\u00fdch pracovn\u00edkov.\u00a0                                                                                                                                                                                                                                                                                                                                                                                        5\/5 - (3 votes)        "},{"@context":"https:\/\/schema.org\/","@type":"BreadcrumbList","itemListElement":[{"@type":"ListItem","position":1,"name":"Kvalifikovan\u00fd pracovn\u00edk","item":"https:\/\/www.neonevent.sk\/kvalifikovany-pracovnik\/#breadcrumbitem"}]}]