[{"@context":"https:\/\/schema.org\/","@type":"Article","@id":"https:\/\/www.neonevent.sk\/kultura-po-slovensku\/#Article","mainEntityOfPage":"https:\/\/www.neonevent.sk\/kultura-po-slovensku\/","headline":"Kult\u00fara po Slovensku","name":"Kult\u00fara po Slovensku","description":"Pri potulk\u00e1ch na\u0161ou krajinou obdivujeme z\u00e1mky, hrady, kon\u010diare, architektonick\u00e9 \u010di historick\u00e9 zauj\u00edmavosti, stret\u00e1vame sa s r\u00f4znymi skupinkami \u013eud\u00ed. Rovnako zahrani\u010dn\u00fd. ","datePublished":"2018-10-21","dateModified":"2023-04-25","author":{"@type":"Person","@id":"https:\/\/www.neonevent.sk\/author\/#Person","name":"neonevent.sk\n","url":"https:\/\/www.neonevent.sk\/author\/","identifier":1,"image":{"@type":"ImageObject","@id":"https:\/\/secure.gravatar.com\/avatar\/774cfd57496a9f02284489749b4229073861faca9d8a66df7d65507a77c5d31f?s=96&d=mm&r=g","url":"https:\/\/secure.gravatar.com\/avatar\/774cfd57496a9f02284489749b4229073861faca9d8a66df7d65507a77c5d31f?s=96&d=mm&r=g","height":96,"width":96}},"publisher":{"@type":"Organization","name":"neonevent.sk","logo":{"@type":"ImageObject","@id":"\/logo.png","url":"\/logo.png","width":600,"height":60}},"image":{"@type":"ImageObject","@id":"https:\/\/www.neonevent.sk\/wp-content\/uploads\/img_a292107_w2041_t1539695544.jpg","url":"https:\/\/www.neonevent.sk\/wp-content\/uploads\/img_a292107_w2041_t1539695544.jpg","height":0,"width":0},"url":"https:\/\/www.neonevent.sk\/kultura-po-slovensku\/","about":["\u017divotn\u00fd \u0161t\u00fdl"],"wordCount":389,"articleBody":" Pri potulk\u00e1ch na\u0161ou krajinou obdivujeme z\u00e1mky, hrady, kon\u010diare, architektonick\u00e9 \u010di historick\u00e9 zauj\u00edmavosti, stret\u00e1vame sa s r\u00f4znymi skupinkami \u013eud\u00ed. Rovnako zahrani\u010dn\u00fd turisti pri n\u00e1v\u0161teve u n\u00e1s h\u013eadaj\u00fa na\u0161e zauj\u00edmavosti, h\u013eadaj\u00fa na\u0161u kult\u00faru. Preto sem chodia. Nezauj\u00edma ich in\u00e1 kult\u00fara prenesen\u00e1 k n\u00e1m- ale t\u00e1 na\u0161a,.   Kult\u00fara to s\u00fa : Divadl\u00e1 Koncerty Gal\u00e9rie Liter\u00e1rna tvorba Jazyk a n\u00e1re\u010dia Na\u0161a \u013eudov\u00e1 tvorba Skanzeny Ale hlavne \u013eudia Divadl\u00e1 v r\u00f4znych form\u00e1ch a na r\u00f4znych javisk\u00e1ch s\u00fa s\u00fa\u010das\u0165ou ka\u017ed\u00e9ho mesta \u010di meste\u010dka. \u010ci u\u017e tu funguj\u00fa z\u00e1ujmov\u00e9 amat\u00e9rske skupiny, alebo profesion\u00e1lne divadeln\u00e9 zoskupenia. U\u017e detstva sa sna\u017e\u00edme v na\u0161ich de\u0165och formova\u0165 kladn\u00fd vz\u0165ah ku kult\u00fare. Medzi prv\u00fdmi vecami, ktor\u00e9 sa objavia pri deti\u010dk\u00e1ch s\u00fa zaiste knihy. \u010c\u00edtame im r\u00f4zne riekanky, b\u00e1sni\u010dky \u010di rozpr\u00e1vo\u010dky. V na\u0161ej rodnej re\u010di- \u010di je len pekn\u00e1 a zvukomalebn\u00e1! Spievame die\u0165atku pesni\u010dky a veru\u017ee nie tie hypermodern\u00e9 ale star\u00e9 usp\u00e1vanky od star\u00fdch m\u00e1m. \u013dudov\u00e1 piese\u0148 sa im tu dost\u00e1va pod ko\u017eu. Niekde niekedy sa na to h\u00e1dam spomen\u00fa. Berieme svoje deti\u010dky do divadla najprv do toho b\u00e1bkov\u00e9ho, potom do norm\u00e1lneho. Vyobliekame seba aj die\u0165atko- lebo aj to je s\u00fa\u010das\u0165ou kult\u00fary. Kde a v \u010dom pr\u00eds\u0165 oble\u010den\u00ed. Nie je to veru jedno! Nav\u0161tevujme s de\u0165mi na\u0161u krajinu- ukazujme im kr\u00e1su pr\u00edrody, ale upriamme pozornos\u0165 aj na v\u00fdtvory \u013eud\u00ed, na na\u0161u \u013eudov\u00fa kult\u00faru. Nech sa nest\u00e1va,\u017ee s\u00fa \u013eudov\u00e9 s\u00fabory prij\u00edman\u00e9 s v\u00e4\u010d\u0161ou rados\u0165ou a nad\u0161en\u00edm v cudzine, ako u n\u00e1s doma. M\u00e1me by\u0165 veru na \u010do hrd\u00ed! Nechv\u00e1\u013eme v\u017edy iba cudzie kult\u00fary. Mo\u017eno, \u017ee hne\u010f sa nestretneme s nad\u0161enou odozvou u na\u0161ich det\u00ed,ale verte mi, niekde v ich srdie\u010dku sa to v\u00fdznamnou stopou zaryje. Ke\u010f bud\u00fa star\u0161\u00ed \u2013 spomen\u00fa si na to. Robme to ale citlivo, nen\u00e1silne- aby sme neurobili viac \u0161kody ako osohu! To by sme veru ur\u010dite nechceli.                                                                                                                                                                                                                                                                                                                                                                                        3.6\/5 - (8 votes)        "},{"@context":"https:\/\/schema.org\/","@type":"BreadcrumbList","itemListElement":[{"@type":"ListItem","position":1,"name":"Kult\u00fara po Slovensku","item":"https:\/\/www.neonevent.sk\/kultura-po-slovensku\/#breadcrumbitem"}]}]